{"id":4123,"date":"2025-01-28T12:59:07","date_gmt":"2025-01-28T11:59:07","guid":{"rendered":"https:\/\/heinrich-bussmann-schule.de\/?p=4123"},"modified":"2025-01-28T13:01:25","modified_gmt":"2025-01-28T12:01:25","slug":"gedenken-an-die-opfer-des-holocaust","status":"publish","type":"post","link":"https:\/\/heinrich-bussmann-schule.de\/?p=4123","title":{"rendered":"Gedenken an die Opfer des Holocaust"},"content":{"rendered":"<p>\u201eAls die Nazis die Kommunisten holten, habe ich geschwiegen; ich war ja kein Kommunist.<br \/>\nAls sie die Gewerkschaftler holten, habe ich geschwiegen, ich war ja kein Gewerkschaftler.<br \/>\nAls sie die Juden holten, habe ich geschwiegen, ich war ja kein Jude.<br \/>\nAls sie mich holten, gab es keinen mehr, der protestieren konnte.\u201c<br \/>\n\u2013 Martin Niem\u00f6ller<br \/>\n________________________________________<br \/>\n<strong>Gedenken an die Opfer des Holocaust<\/strong><\/p>\n<p>Heinrich-Bu\u00dfmann-Schule beteiligt sich an L\u00fcner Gedenkveranstaltung<br \/>\nAm 80. Jahrestag der Befreiung des Konzentrationslagers Auschwitz hat die Stadt L\u00fcnen eine Gedenkveranstaltung organisiert, bei der an die Opfer des Holocaust erinnert wurde.<br \/>\nGemeinsam mit Vertreterinnen und Vertretern aus Politik,<\/p>\n<p><img fetchpriority=\"high\" decoding=\"async\" class=\"size-medium wp-image-4128 alignleft\" style=\"font-size: 15px;\" src=\"https:\/\/heinrich-bussmann-schule.de\/wp-content\/uploads\/2025\/01\/WhatsApp-Bild-2025-01-28-um-11.50.51_0b354b8e-248x330.jpg\" alt=\"\" width=\"248\" height=\"330\" srcset=\"https:\/\/heinrich-bussmann-schule.de\/wp-content\/uploads\/2025\/01\/WhatsApp-Bild-2025-01-28-um-11.50.51_0b354b8e-248x330.jpg 248w, https:\/\/heinrich-bussmann-schule.de\/wp-content\/uploads\/2025\/01\/WhatsApp-Bild-2025-01-28-um-11.50.51_0b354b8e-768x1024.jpg 768w, https:\/\/heinrich-bussmann-schule.de\/wp-content\/uploads\/2025\/01\/WhatsApp-Bild-2025-01-28-um-11.50.51_0b354b8e-1152x1536.jpg 1152w, https:\/\/heinrich-bussmann-schule.de\/wp-content\/uploads\/2025\/01\/WhatsApp-Bild-2025-01-28-um-11.50.51_0b354b8e-660x880.jpg 660w, https:\/\/heinrich-bussmann-schule.de\/wp-content\/uploads\/2025\/01\/WhatsApp-Bild-2025-01-28-um-11.50.51_0b354b8e-1000x1333.jpg 1000w, https:\/\/heinrich-bussmann-schule.de\/wp-content\/uploads\/2025\/01\/WhatsApp-Bild-2025-01-28-um-11.50.51_0b354b8e.jpg 1200w\" sizes=\"(max-width: 248px) 100vw, 248px\" \/><\/p>\n<p>Verwaltung und Stadtgesellschaft war auch unsere Heinrich-Bu\u00dfmann-Schule mit ihren Klassensprecherinnen und Klassensprechern vor Ort, um ein Zeichen gegen das Vergessen zu setzen.<br \/>\nUnsere Sch\u00fclerinnen und Sch\u00fcler er\u00f6ffneten ihren Beitrag mit dem eindrucksvollen Zitat von Martin Niem\u00f6ller. Damit erinnerten sie daran, wie wichtig es ist, sich rechtzeitig und entschieden gegen Unrecht zu stellen \u2013 unabh\u00e4ngig davon, wen es trifft. Diese Worte ber\u00fchrten die Anwesenden zutiefs<\/p>\n<p>t und regten zum Nachdenken an.<br \/>\nIn seiner Ansprache betonte B\u00fcrgermeister J\u00fcrgen Kleine-Frauns: \u201eEin Tag, an dem wir uns an die Opfer des NS-Terrorregimes erinnern, an dem wir aber auch mahnen wollen: 80 Jahre danach sind die D<\/p>\n<p>\u00e4monen dieser Zeit l\u00e4ngst nicht verschwunden.\u201c Er warnte vor den wachsenden Gefahren von Nationalismus und Ausgrenzung, die uns alle angehen und die es zu bek\u00e4mpfen gilt. Auch unsere Schulgemeinschaft sieht dies als eine zentrale Aufgabe: Nicht schweigen, sondern handeln!<\/p>\n<p>Ein weiterer wichtiger Redner war Udo Kath vom Arbeitskreis Stolpersteine, der die L\u00fcner Schulen f\u00fcr ihren Einsatz lobte. Im letzten Jahr hat die Heinrich-Bu\u00dfmann-Schule die Patenschaft f\u00fcr die Stolpersteine von Heinrich Bu\u00dfmann und Robert K\u00f6hler \u00fcbernommen und zeigt sich seitdem verantwortlich f\u00fcr ihre Reinigung. Durch dieses Engagement halten unsere Sch\u00fclerinnen und Sch\u00fcler die Erinnerung an die Opfer der NS-Herrschaft lebendig und setzen ein sichtbares Zeichen gegen das Vergessen.<\/p>\n<p><strong>Warum Gedenken wichtig ist<\/strong><br \/>\nF\u00fcr uns als Schule ist es nicht nur eine Pflicht, sondern eine Herzensangelegenheit, uns an solchen Veranstaltungen zu beteiligen. Das Erinnern soll nicht blo\u00df die Vergangenheit beleuchten, sondern uns auch helfen, in der Gegenwart und Zukunft mutig f\u00fcr Gerechtigkeit, Menschlichkeit und Vielfalt einzustehen. Jede und jeder von uns kann und sollte Verantwortung \u00fcbernehmen, damit sich solche Grausamkeiten niemals wiederholen.<br \/>\nUnsere Sch\u00fclerinnen und Sch\u00fcler haben an diesem Tag gezeigt, wie wichtig es ist, nicht wegzusehen. Mit ihren Beitr\u00e4gen und ihrem Engagement tragen sie dazu bei, dass die Erinnerung lebendig bleibt. Ein starkes Zeichen \u2013 f\u00fcr die Opfer, f\u00fcr uns selbst und f\u00fcr die kommenden Generationen.<\/p>\n<p>&nbsp;<\/p>\n","protected":false},"excerpt":{"rendered":"<p>\u201eAls die Nazis die Kommunisten holten, habe ich geschwiegen; ich war ja kein Kommunist. Als sie die Gewerkschaftler holten, habe ich geschwiegen, ich war ja kein Gewerkschaftler. Als sie die&hellip; <a class=\"excerpt-more-link\" href=\"https:\/\/heinrich-bussmann-schule.de\/?p=4123\">Weiterlesen<\/a><\/p>\n","protected":false},"author":4,"featured_media":4127,"comment_status":"closed","ping_status":"closed","sticky":false,"template":"","format":"standard","meta":{"ngg_post_thumbnail":0,"footnotes":""},"categories":[4],"tags":[],"class_list":["post-4123","post","type-post","status-publish","format-standard","has-post-thumbnail","hentry","category-schulleben"],"_links":{"self":[{"href":"https:\/\/heinrich-bussmann-schule.de\/index.php?rest_route=\/wp\/v2\/posts\/4123","targetHints":{"allow":["GET"]}}],"collection":[{"href":"https:\/\/heinrich-bussmann-schule.de\/index.php?rest_route=\/wp\/v2\/posts"}],"about":[{"href":"https:\/\/heinrich-bussmann-schule.de\/index.php?rest_route=\/wp\/v2\/types\/post"}],"author":[{"embeddable":true,"href":"https:\/\/heinrich-bussmann-schule.de\/index.php?rest_route=\/wp\/v2\/users\/4"}],"replies":[{"embeddable":true,"href":"https:\/\/heinrich-bussmann-schule.de\/index.php?rest_route=%2Fwp%2Fv2%2Fcomments&post=4123"}],"version-history":[{"count":1,"href":"https:\/\/heinrich-bussmann-schule.de\/index.php?rest_route=\/wp\/v2\/posts\/4123\/revisions"}],"predecessor-version":[{"id":4130,"href":"https:\/\/heinrich-bussmann-schule.de\/index.php?rest_route=\/wp\/v2\/posts\/4123\/revisions\/4130"}],"wp:featuredmedia":[{"embeddable":true,"href":"https:\/\/heinrich-bussmann-schule.de\/index.php?rest_route=\/wp\/v2\/media\/4127"}],"wp:attachment":[{"href":"https:\/\/heinrich-bussmann-schule.de\/index.php?rest_route=%2Fwp%2Fv2%2Fmedia&parent=4123"}],"wp:term":[{"taxonomy":"category","embeddable":true,"href":"https:\/\/heinrich-bussmann-schule.de\/index.php?rest_route=%2Fwp%2Fv2%2Fcategories&post=4123"},{"taxonomy":"post_tag","embeddable":true,"href":"https:\/\/heinrich-bussmann-schule.de\/index.php?rest_route=%2Fwp%2Fv2%2Ftags&post=4123"}],"curies":[{"name":"wp","href":"https:\/\/api.w.org\/{rel}","templated":true}]}}